{"id":1734,"date":"2019-11-17T13:13:17","date_gmt":"2019-11-17T12:13:17","guid":{"rendered":"http:\/\/grundschule-cadenberge.de\/?p=1734"},"modified":"2023-12-12T16:29:52","modified_gmt":"2023-12-12T15:29:52","slug":"vorlesetag-2019","status":"publish","type":"post","link":"http:\/\/grundschule-cadenberge.de\/index.php\/2019\/11\/17\/vorlesetag-2019\/","title":{"rendered":"Vorlesetag 2019"},"content":{"rendered":"<p><a href=\"http:\/\/grundschule-cadenberge.de\/index.php\/2019\/11\/17\/vorlesetag-2019\/img_5091\/\" rel=\"attachment wp-att-1735\"><img decoding=\"async\" loading=\"lazy\" src=\"http:\/\/grundschule-cadenberge.de\/wp-content\/uploads\/IMG_5091-225x300.jpg\" alt=\"\" width=\"225\" height=\"300\" class=\"alignnone size-medium wp-image-1735\" srcset=\"http:\/\/grundschule-cadenberge.de\/wp-content\/uploads\/IMG_5091-225x300.jpg 225w, http:\/\/grundschule-cadenberge.de\/wp-content\/uploads\/IMG_5091-768x1024.jpg 768w\" sizes=\"(max-width: 225px) 100vw, 225px\" \/><\/a><br \/>\nAm Freitag, den 15.11. fand der bundesweite Vorlesetag statt. Diese Aktion gibt es seit 2004. Sie gr\u00fcndet sich auf eine Initiative der Stiftung Lesen und der Zeitung \u201eDie Zeit\u201c und f\u00e4llt immer auf den dritten Freitag im November.<br \/>\nZiel des Vorlesetages ist es, ein \u00f6ffentlichkeitswirksames Zeichen f\u00fcr das Vorlesen zu setzen und Freude am Lesen zu wecken.<br \/>\nWir planen seit einigen Jahren f\u00fcr diesen Tag Aktionen rund um das Lesen (Bilderbuchkino, Besuch der B\u00fccherei, freie Lesezeit, Leseprogramm ELFE, Buchvorstellungen, Vorlesen im Kindergarten und\/oder Seniorenheim,\u2026,\u2026) und nahmen auch in diesem Jahr wieder an der Aktion teil.<br \/>\nUm uns gemeinsam auf diesen Tag einzustimmen, trafen wir uns am Freitag um 8.30Uhr zun\u00e4chst alle in der Aula, wo die leseerfahrenen Viertkl\u00e4ssler den anderen Kindern mitteilten, welchen Stellenwert f\u00fcr sie das Lesen und Vorlesen zurzeit in der Schule hat. Die Viertkl\u00e4ssler setzen sich im Deutschunterricht gerade mit dem Thema \u201eM\u00e4rchen\u201c auseinander und in diesem Zusammenhang haben sie von ihren Deutschlehrerinnen bereits viele M\u00e4rchen vorgelesen bekommen.<br \/>\nDie Viertkl\u00e4ssler konnten die Erfahrung machen, dass durch das Vorlesen Bilder und W\u00f6rter im Kopf entstehen, die man auch zum Erfinden eigener M\u00e4rchen nutzen kann. Sie wollten diese Erfahrung mit den anderen Kindern teilen, indem sie zun\u00e4chst ein klassisches Volksm\u00e4rchen (Ina Linck, 4b) und dann ein selbst geschriebenes M\u00e4rchen vorlasen (Ben Seeb\u00f6rger, 4a).<br \/>\nBevor es zur\u00fcck in die Klassen ging, wurden alle Kinder dazu eingeladen, es sich im Laufe des Tages abwechselnd auf dem von Sch\u00fclern hergerichteten kuscheligen Leseplatz auf der B\u00fchne der Aula bequem zu machen und in den dort bereitgestellten B\u00fcchern zu schm\u00f6kern.<\/p>\n","protected":false},"excerpt":{"rendered":"<p>Am Freitag, den 15.11. fand der bundesweite Vorlesetag statt. Diese Aktion gibt es seit 2004. Sie gr\u00fcndet sich auf eine Initiative der Stiftung Lesen und der Zeitung \u201eDie Zeit\u201c und f\u00e4llt immer auf den dritten Freitag im November. Ziel des Vorlesetages ist es, ein \u00f6ffentlichkeitswirksames Zeichen f\u00fcr das Vorlesen zu setzen und Freude am Lesen<br \/><a class=\"moretag\" href=\"http:\/\/grundschule-cadenberge.de\/index.php\/2019\/11\/17\/vorlesetag-2019\/\">+ Read More<\/a><\/p>\n","protected":false},"author":1,"featured_media":0,"comment_status":"closed","ping_status":"closed","sticky":false,"template":"","format":"standard","meta":{"footnotes":""},"categories":[1],"tags":[],"_links":{"self":[{"href":"http:\/\/grundschule-cadenberge.de\/index.php\/wp-json\/wp\/v2\/posts\/1734"}],"collection":[{"href":"http:\/\/grundschule-cadenberge.de\/index.php\/wp-json\/wp\/v2\/posts"}],"about":[{"href":"http:\/\/grundschule-cadenberge.de\/index.php\/wp-json\/wp\/v2\/types\/post"}],"author":[{"embeddable":true,"href":"http:\/\/grundschule-cadenberge.de\/index.php\/wp-json\/wp\/v2\/users\/1"}],"replies":[{"embeddable":true,"href":"http:\/\/grundschule-cadenberge.de\/index.php\/wp-json\/wp\/v2\/comments?post=1734"}],"version-history":[{"count":3,"href":"http:\/\/grundschule-cadenberge.de\/index.php\/wp-json\/wp\/v2\/posts\/1734\/revisions"}],"predecessor-version":[{"id":3269,"href":"http:\/\/grundschule-cadenberge.de\/index.php\/wp-json\/wp\/v2\/posts\/1734\/revisions\/3269"}],"wp:attachment":[{"href":"http:\/\/grundschule-cadenberge.de\/index.php\/wp-json\/wp\/v2\/media?parent=1734"}],"wp:term":[{"taxonomy":"category","embeddable":true,"href":"http:\/\/grundschule-cadenberge.de\/index.php\/wp-json\/wp\/v2\/categories?post=1734"},{"taxonomy":"post_tag","embeddable":true,"href":"http:\/\/grundschule-cadenberge.de\/index.php\/wp-json\/wp\/v2\/tags?post=1734"}],"curies":[{"name":"wp","href":"https:\/\/api.w.org\/{rel}","templated":true}]}}