{"id":2964,"date":"2022-12-27T09:20:08","date_gmt":"2022-12-27T08:20:08","guid":{"rendered":"http:\/\/grundschule-cadenberge.de\/?p=2964"},"modified":"2023-01-20T09:57:51","modified_gmt":"2023-01-20T08:57:51","slug":"aulatreffen-13-12-2022","status":"publish","type":"post","link":"http:\/\/grundschule-cadenberge.de\/index.php\/2022\/12\/27\/aulatreffen-13-12-2022\/","title":{"rendered":"Aulatreffen 13.12.2022"},"content":{"rendered":"<p style=\"font-weight: 400;\"><a href=\"http:\/\/grundschule-cadenberge.de\/index.php\/2022\/12\/27\/aulatreffen-13-12-2022\/img_4569\/\" rel=\"attachment wp-att-2965\"><img decoding=\"async\" loading=\"lazy\" class=\"alignnone size-medium wp-image-2965\" src=\"http:\/\/grundschule-cadenberge.de\/wp-content\/uploads\/IMG_4569-300x169.jpg\" alt=\"\" width=\"300\" height=\"169\" srcset=\"http:\/\/grundschule-cadenberge.de\/wp-content\/uploads\/IMG_4569-300x169.jpg 300w, http:\/\/grundschule-cadenberge.de\/wp-content\/uploads\/IMG_4569-768x432.jpg 768w, http:\/\/grundschule-cadenberge.de\/wp-content\/uploads\/IMG_4569-1024x576.jpg 1024w\" sizes=\"(max-width: 300px) 100vw, 300px\" \/><\/a><\/p>\n<p style=\"font-weight: 400;\">Am Dienstag, dem 13.12.2022 versammelten sich Sch\u00fcler und Lehrerinnen der Grundschule sowie zahlreiche Eltern\/Gro\u00dfeltern zum zweiten Aulatreffen in diesem Monat, um bei beleuchtetem Tannenbaum die Darbietungen der Kinder zu genie\u00dfen und gemeinsam zu singen.<\/p>\n<p style=\"font-weight: 400;\">Die Kinder der Klasse 1a f\u00fchrten f\u00fcr die Zuschauer einen Kerzentanz vor. Hierbei verbreiteten Windlichter mit Teelichten ein stimmungsvolles Kerzenlicht zu den einstudierten Tanzschritten.<\/p>\n<p style=\"font-weight: 400;\">Im Anschluss daran zeigten die Kinder der Klasse 2b einen schwungvollen B\u00e4ndertanz zu dem Song \u201eWonderful dream\u201c mit eingebauten Gedichtpassagen.<\/p>\n<p style=\"font-weight: 400;\">Das darauf folgende gemeinsame Singen der bekannten Lieder\u201eWieder kommen wir zusammen\u201c und \u201eDicke rote Kerzen\u201c bereitete den Kindern wie immer viel Freude.<\/p>\n<p style=\"font-weight: 400;\">Zu dem Lied \u201eJingle Bells\u201c hatten die Kinder der Tanz-Ag unter der Leitung von<\/p>\n<p style=\"font-weight: 400;\">Frau Melnikov einen mitrei\u00dfenden Tanz einge\u00fcbt, welcher den Abschluss des Zusammenseins bildete.<\/p>\n<p><a href=\"http:\/\/grundschule-cadenberge.de\/index.php\/2022\/12\/27\/aulatreffen-13-12-2022\/img_4560\/\" rel=\"attachment wp-att-2966\"><img decoding=\"async\" loading=\"lazy\" class=\"alignnone size-medium wp-image-2966\" src=\"http:\/\/grundschule-cadenberge.de\/wp-content\/uploads\/IMG_4560-300x169.jpg\" alt=\"\" width=\"300\" height=\"169\" srcset=\"http:\/\/grundschule-cadenberge.de\/wp-content\/uploads\/IMG_4560-300x169.jpg 300w, http:\/\/grundschule-cadenberge.de\/wp-content\/uploads\/IMG_4560-768x432.jpg 768w, http:\/\/grundschule-cadenberge.de\/wp-content\/uploads\/IMG_4560-1024x576.jpg 1024w\" sizes=\"(max-width: 300px) 100vw, 300px\" \/><\/a> <a href=\"http:\/\/grundschule-cadenberge.de\/index.php\/2022\/12\/27\/aulatreffen-13-12-2022\/img_4561\/\" rel=\"attachment wp-att-2967\"><img decoding=\"async\" loading=\"lazy\" class=\"alignnone size-medium wp-image-2967\" src=\"http:\/\/grundschule-cadenberge.de\/wp-content\/uploads\/IMG_4561-300x169.jpg\" alt=\"\" width=\"300\" height=\"169\" srcset=\"http:\/\/grundschule-cadenberge.de\/wp-content\/uploads\/IMG_4561-300x169.jpg 300w, http:\/\/grundschule-cadenberge.de\/wp-content\/uploads\/IMG_4561-768x432.jpg 768w, http:\/\/grundschule-cadenberge.de\/wp-content\/uploads\/IMG_4561-1024x576.jpg 1024w\" sizes=\"(max-width: 300px) 100vw, 300px\" \/><\/a> <a href=\"http:\/\/grundschule-cadenberge.de\/index.php\/2022\/12\/27\/aulatreffen-13-12-2022\/img_4562\/\" rel=\"attachment wp-att-2968\"><img decoding=\"async\" loading=\"lazy\" class=\"alignnone size-medium wp-image-2968\" src=\"http:\/\/grundschule-cadenberge.de\/wp-content\/uploads\/IMG_4562-300x169.jpg\" alt=\"\" width=\"300\" height=\"169\" srcset=\"http:\/\/grundschule-cadenberge.de\/wp-content\/uploads\/IMG_4562-300x169.jpg 300w, http:\/\/grundschule-cadenberge.de\/wp-content\/uploads\/IMG_4562-768x432.jpg 768w, http:\/\/grundschule-cadenberge.de\/wp-content\/uploads\/IMG_4562-1024x576.jpg 1024w\" sizes=\"(max-width: 300px) 100vw, 300px\" \/><\/a> <a href=\"http:\/\/grundschule-cadenberge.de\/index.php\/2022\/12\/27\/aulatreffen-13-12-2022\/img_4565\/\" rel=\"attachment wp-att-2969\"><img decoding=\"async\" loading=\"lazy\" class=\"alignnone size-medium wp-image-2969\" src=\"http:\/\/grundschule-cadenberge.de\/wp-content\/uploads\/IMG_4565-300x169.jpg\" alt=\"\" width=\"300\" height=\"169\" srcset=\"http:\/\/grundschule-cadenberge.de\/wp-content\/uploads\/IMG_4565-300x169.jpg 300w, http:\/\/grundschule-cadenberge.de\/wp-content\/uploads\/IMG_4565-768x432.jpg 768w, http:\/\/grundschule-cadenberge.de\/wp-content\/uploads\/IMG_4565-1024x576.jpg 1024w\" sizes=\"(max-width: 300px) 100vw, 300px\" \/><\/a> <a href=\"http:\/\/grundschule-cadenberge.de\/index.php\/2022\/12\/27\/aulatreffen-13-12-2022\/img_4566\/\" rel=\"attachment wp-att-2970\"><img decoding=\"async\" loading=\"lazy\" class=\"alignnone size-medium wp-image-2970\" src=\"http:\/\/grundschule-cadenberge.de\/wp-content\/uploads\/IMG_4566-300x169.jpg\" alt=\"\" width=\"300\" height=\"169\" srcset=\"http:\/\/grundschule-cadenberge.de\/wp-content\/uploads\/IMG_4566-300x169.jpg 300w, http:\/\/grundschule-cadenberge.de\/wp-content\/uploads\/IMG_4566-768x432.jpg 768w, http:\/\/grundschule-cadenberge.de\/wp-content\/uploads\/IMG_4566-1024x576.jpg 1024w\" sizes=\"(max-width: 300px) 100vw, 300px\" \/><\/a> <a href=\"http:\/\/grundschule-cadenberge.de\/index.php\/2022\/12\/27\/aulatreffen-13-12-2022\/img_4567\/\" rel=\"attachment wp-att-2971\"><img decoding=\"async\" loading=\"lazy\" class=\"alignnone size-medium wp-image-2971\" src=\"http:\/\/grundschule-cadenberge.de\/wp-content\/uploads\/IMG_4567-300x169.jpg\" alt=\"\" width=\"300\" height=\"169\" srcset=\"http:\/\/grundschule-cadenberge.de\/wp-content\/uploads\/IMG_4567-300x169.jpg 300w, http:\/\/grundschule-cadenberge.de\/wp-content\/uploads\/IMG_4567-768x432.jpg 768w, http:\/\/grundschule-cadenberge.de\/wp-content\/uploads\/IMG_4567-1024x576.jpg 1024w\" sizes=\"(max-width: 300px) 100vw, 300px\" \/><\/a> <a href=\"http:\/\/grundschule-cadenberge.de\/index.php\/2022\/12\/27\/aulatreffen-13-12-2022\/img_4568\/\" rel=\"attachment wp-att-2972\"><img decoding=\"async\" loading=\"lazy\" class=\"alignnone size-medium wp-image-2972\" src=\"http:\/\/grundschule-cadenberge.de\/wp-content\/uploads\/IMG_4568-300x169.jpg\" alt=\"\" width=\"300\" height=\"169\" srcset=\"http:\/\/grundschule-cadenberge.de\/wp-content\/uploads\/IMG_4568-300x169.jpg 300w, http:\/\/grundschule-cadenberge.de\/wp-content\/uploads\/IMG_4568-768x432.jpg 768w, http:\/\/grundschule-cadenberge.de\/wp-content\/uploads\/IMG_4568-1024x576.jpg 1024w\" sizes=\"(max-width: 300px) 100vw, 300px\" \/><\/a> <a href=\"http:\/\/grundschule-cadenberge.de\/index.php\/2022\/12\/27\/aulatreffen-13-12-2022\/img_4570\/\" rel=\"attachment wp-att-2973\"><img decoding=\"async\" loading=\"lazy\" class=\"alignnone size-medium wp-image-2973\" src=\"http:\/\/grundschule-cadenberge.de\/wp-content\/uploads\/IMG_4570-300x169.jpg\" alt=\"\" width=\"300\" height=\"169\" srcset=\"http:\/\/grundschule-cadenberge.de\/wp-content\/uploads\/IMG_4570-300x169.jpg 300w, http:\/\/grundschule-cadenberge.de\/wp-content\/uploads\/IMG_4570-768x432.jpg 768w, http:\/\/grundschule-cadenberge.de\/wp-content\/uploads\/IMG_4570-1024x576.jpg 1024w\" sizes=\"(max-width: 300px) 100vw, 300px\" \/><\/a><\/p>\n<div style=\"width: 1920px;\" class=\"wp-video\"><!--[if lt IE 9]><script>document.createElement('video');<\/script><![endif]-->\n<video class=\"wp-video-shortcode\" id=\"video-2964-1\" width=\"1920\" height=\"1080\" preload=\"metadata\" controls=\"controls\"><source type=\"video\/mp4\" src=\"http:\/\/grundschule-cadenberge.de\/wp-content\/uploads\/Lichtertanz-1a.mp4?_=1\" \/><a href=\"http:\/\/grundschule-cadenberge.de\/wp-content\/uploads\/Lichtertanz-1a.mp4\">http:\/\/grundschule-cadenberge.de\/wp-content\/uploads\/Lichtertanz-1a.mp4<\/a><\/video><\/div>\n","protected":false},"excerpt":{"rendered":"<p>Am Dienstag, dem 13.12.2022 versammelten sich Sch\u00fcler und Lehrerinnen der Grundschule sowie zahlreiche Eltern\/Gro\u00dfeltern zum zweiten Aulatreffen in diesem Monat, um bei beleuchtetem Tannenbaum die Darbietungen der Kinder zu genie\u00dfen und gemeinsam zu singen. Die Kinder der Klasse 1a f\u00fchrten f\u00fcr die Zuschauer einen Kerzentanz vor. Hierbei verbreiteten Windlichter mit Teelichten ein stimmungsvolles Kerzenlicht zu<br \/><a class=\"moretag\" href=\"http:\/\/grundschule-cadenberge.de\/index.php\/2022\/12\/27\/aulatreffen-13-12-2022\/\">+ Read More<\/a><\/p>\n","protected":false},"author":1,"featured_media":2971,"comment_status":"closed","ping_status":"closed","sticky":false,"template":"","format":"standard","meta":{"footnotes":""},"categories":[1],"tags":[],"_links":{"self":[{"href":"http:\/\/grundschule-cadenberge.de\/index.php\/wp-json\/wp\/v2\/posts\/2964"}],"collection":[{"href":"http:\/\/grundschule-cadenberge.de\/index.php\/wp-json\/wp\/v2\/posts"}],"about":[{"href":"http:\/\/grundschule-cadenberge.de\/index.php\/wp-json\/wp\/v2\/types\/post"}],"author":[{"embeddable":true,"href":"http:\/\/grundschule-cadenberge.de\/index.php\/wp-json\/wp\/v2\/users\/1"}],"replies":[{"embeddable":true,"href":"http:\/\/grundschule-cadenberge.de\/index.php\/wp-json\/wp\/v2\/comments?post=2964"}],"version-history":[{"count":2,"href":"http:\/\/grundschule-cadenberge.de\/index.php\/wp-json\/wp\/v2\/posts\/2964\/revisions"}],"predecessor-version":[{"id":2976,"href":"http:\/\/grundschule-cadenberge.de\/index.php\/wp-json\/wp\/v2\/posts\/2964\/revisions\/2976"}],"wp:featuredmedia":[{"embeddable":true,"href":"http:\/\/grundschule-cadenberge.de\/index.php\/wp-json\/wp\/v2\/media\/2971"}],"wp:attachment":[{"href":"http:\/\/grundschule-cadenberge.de\/index.php\/wp-json\/wp\/v2\/media?parent=2964"}],"wp:term":[{"taxonomy":"category","embeddable":true,"href":"http:\/\/grundschule-cadenberge.de\/index.php\/wp-json\/wp\/v2\/categories?post=2964"},{"taxonomy":"post_tag","embeddable":true,"href":"http:\/\/grundschule-cadenberge.de\/index.php\/wp-json\/wp\/v2\/tags?post=2964"}],"curies":[{"name":"wp","href":"https:\/\/api.w.org\/{rel}","templated":true}]}}