{"id":3026,"date":"2023-07-03T09:26:26","date_gmt":"2023-07-03T07:26:26","guid":{"rendered":"http:\/\/grundschule-cadenberge.de\/?p=3026"},"modified":"2023-07-03T09:26:26","modified_gmt":"2023-07-03T07:26:26","slug":"ein-tag-im-weltall","status":"publish","type":"post","link":"http:\/\/grundschule-cadenberge.de\/index.php\/2023\/07\/03\/ein-tag-im-weltall\/","title":{"rendered":"Ein Tag im Weltall"},"content":{"rendered":"\n<p><\/p>\n\n\n\n<p>Unter dem Motto \u201eEin Tag im Weltall\u201c fand am 20.06.23 in unserer Grundschule Cadenberge der Projekttag zum Thema \u201eWeltall\u201c statt. Alle Lehrkr\u00e4fte lie\u00dfen sich verschiedene Ideen einfallen, um den Kindern diese doch komplexe Thematik zu erkl\u00e4ren und spannend zu gestalten. Zun\u00e4chst wurde in den ersten beiden Stunden theoretisches Wissen erarbeitet. Die Kinder waren hierbei herzlich eingeladen, B\u00fccher oder andere Materialien zum Thema Weltraum von zu Hause mitzubringen. Besonders beeindruckend war die Rakete aus Lego, die eine Sch\u00fclerin mitgebracht hat. Nachdem die Kinder durch Texte, Besprechungen und kleine Videos das n\u00f6tige Wissen erlangt hatten, ging es an die Arbeit. Unter Eifer wurden viele verschiedene Modelle zu unserem Sonnensystem gebastelt. Unter anderem wurde in einigen Klassen ein 3D Modell der Planeten erstellt, welches die Kinder im Anschluss mit nach Hause nehmen durften. Andere Kinder durften kreativ werden und ihren eigenen Traumplaneten gestalten oder ein kleines Weltraumrollenspiel erfinden. Am Ende des Tages konnten alle Kinder gl\u00fccklich mit ihren erarbeiteten Sonnensystemen, Raketen, Traumplaneten etc. und neuem Wissen nach Hause gehen.<\/p>\n\n\n\n<figure class=\"wp-block-image\"><img decoding=\"async\" src=\"blob:http:\/\/grundschule-cadenberge.de\/5cb0d7f9-0061-4ff0-802a-a6bb8614b099\" alt=\"\"\/><\/figure>\n\n\n\n<figure class=\"wp-block-image size-full\"><img decoding=\"async\" loading=\"lazy\" width=\"128\" height=\"128\" src=\"http:\/\/grundschule-cadenberge.de\/wp-content\/uploads\/Weltraumtag2.png\" alt=\"\" class=\"wp-image-3028\"\/><\/figure>\n\n\n\n<figure class=\"wp-block-image size-full\"><img decoding=\"async\" loading=\"lazy\" width=\"128\" height=\"128\" src=\"http:\/\/grundschule-cadenberge.de\/wp-content\/uploads\/Weltraumtag3-1.png\" alt=\"\" class=\"wp-image-3032\"\/><\/figure>\n\n\n\n<figure class=\"wp-block-image size-full\"><img decoding=\"async\" loading=\"lazy\" width=\"128\" height=\"128\" src=\"http:\/\/grundschule-cadenberge.de\/wp-content\/uploads\/Weltraumtag-1.png\" alt=\"\" class=\"wp-image-3035\"\/><\/figure>\n","protected":false},"excerpt":{"rendered":"<p>Unter dem Motto \u201eEin Tag im Weltall\u201c fand am 20.06.23 in unserer Grundschule Cadenberge der Projekttag zum Thema \u201eWeltall\u201c statt. Alle Lehrkr\u00e4fte lie\u00dfen sich verschiedene Ideen einfallen, um den Kindern diese doch komplexe Thematik zu erkl\u00e4ren und spannend zu gestalten. Zun\u00e4chst wurde in den ersten beiden Stunden theoretisches Wissen erarbeitet. Die Kinder waren hierbei herzlich<br \/><a class=\"moretag\" href=\"http:\/\/grundschule-cadenberge.de\/index.php\/2023\/07\/03\/ein-tag-im-weltall\/\">+ Read More<\/a><\/p>\n","protected":false},"author":8,"featured_media":3030,"comment_status":"open","ping_status":"open","sticky":false,"template":"","format":"standard","meta":{"footnotes":""},"categories":[1],"tags":[],"_links":{"self":[{"href":"http:\/\/grundschule-cadenberge.de\/index.php\/wp-json\/wp\/v2\/posts\/3026"}],"collection":[{"href":"http:\/\/grundschule-cadenberge.de\/index.php\/wp-json\/wp\/v2\/posts"}],"about":[{"href":"http:\/\/grundschule-cadenberge.de\/index.php\/wp-json\/wp\/v2\/types\/post"}],"author":[{"embeddable":true,"href":"http:\/\/grundschule-cadenberge.de\/index.php\/wp-json\/wp\/v2\/users\/8"}],"replies":[{"embeddable":true,"href":"http:\/\/grundschule-cadenberge.de\/index.php\/wp-json\/wp\/v2\/comments?post=3026"}],"version-history":[{"count":4,"href":"http:\/\/grundschule-cadenberge.de\/index.php\/wp-json\/wp\/v2\/posts\/3026\/revisions"}],"predecessor-version":[{"id":3036,"href":"http:\/\/grundschule-cadenberge.de\/index.php\/wp-json\/wp\/v2\/posts\/3026\/revisions\/3036"}],"wp:featuredmedia":[{"embeddable":true,"href":"http:\/\/grundschule-cadenberge.de\/index.php\/wp-json\/wp\/v2\/media\/3030"}],"wp:attachment":[{"href":"http:\/\/grundschule-cadenberge.de\/index.php\/wp-json\/wp\/v2\/media?parent=3026"}],"wp:term":[{"taxonomy":"category","embeddable":true,"href":"http:\/\/grundschule-cadenberge.de\/index.php\/wp-json\/wp\/v2\/categories?post=3026"},{"taxonomy":"post_tag","embeddable":true,"href":"http:\/\/grundschule-cadenberge.de\/index.php\/wp-json\/wp\/v2\/tags?post=3026"}],"curies":[{"name":"wp","href":"https:\/\/api.w.org\/{rel}","templated":true}]}}