{"id":3154,"date":"2023-09-26T15:36:01","date_gmt":"2023-09-26T13:36:01","guid":{"rendered":"http:\/\/grundschule-cadenberge.de\/?p=3154"},"modified":"2023-09-26T15:42:25","modified_gmt":"2023-09-26T13:42:25","slug":"kuestenmarathon-2023","status":"publish","type":"post","link":"http:\/\/grundschule-cadenberge.de\/index.php\/2023\/09\/26\/kuestenmarathon-2023\/","title":{"rendered":"K\u00fcstenmarathon 2023"},"content":{"rendered":"\n<figure class=\"wp-block-image size-large\"><img decoding=\"async\" loading=\"lazy\" width=\"1024\" height=\"768\" src=\"http:\/\/grundschule-cadenberge.de\/wp-content\/uploads\/IMG_0142-1024x768.jpeg\" alt=\"\" class=\"wp-image-3156\" srcset=\"http:\/\/grundschule-cadenberge.de\/wp-content\/uploads\/IMG_0142-1024x768.jpeg 1024w, http:\/\/grundschule-cadenberge.de\/wp-content\/uploads\/IMG_0142-300x225.jpeg 300w, http:\/\/grundschule-cadenberge.de\/wp-content\/uploads\/IMG_0142-768x576.jpeg 768w, http:\/\/grundschule-cadenberge.de\/wp-content\/uploads\/IMG_0142-1536x1152.jpeg 1536w, http:\/\/grundschule-cadenberge.de\/wp-content\/uploads\/IMG_0142-2048x1536.jpeg 2048w\" sizes=\"(max-width: 1024px) 100vw, 1024px\" \/><figcaption class=\"wp-element-caption\">Aulatreffen<\/figcaption><\/figure>\n\n\n\n<p>Am Sonntag, 17.09.2023 fand der K\u00fcstenmarathon in Otterndorf statt.<br>\u00dcber 40 Kinder aus der Grundschule Cadenberge hatten sich \u00fcber mehrere Wochen hinweg durch ein schulinternes Lauftraining intensiv auf diesen Tag vorbereitet. Bei nahezu gutem Wetter begann um 12:25 Uhr der l\u00e4ngste Lauf (2km) f\u00fcr die \u00e4lteren Kinder der Grundschule. Im Anschluss folgten mehrere Laufgruppen \u00fcber je 1km f\u00fcr die Jahrg\u00e4nge 2016 und j\u00fcnger, 2015, 2014. Alle Kinder nahmen mit Begeisterung und gro\u00dfer Motivation an den L\u00e4ufen teil und zeigten dabei gro\u00dfartige Leistungen.<\/p>\n\n\n\n<p><br>Besonders auszeichnen konnten sich:<br>Levis Mentz (1. Platz: 1000 m-Lauf MK 8)<br>Natalie Mahler (3. Platz: 1000 m-Lauf WK U8)<br>Emely Sophie Hinsch (3. Platz: 1000m-Lauf WK 9)<br>Marven Br\u00fcmmer (3. Platz: 1000m-Lauf MK 9)<\/p>\n\n\n\n<p>Geehrt wurden alle teinehmenden Kinder auch beim Aulatreffen in der Grundschule.<\/p>\n","protected":false},"excerpt":{"rendered":"<p>Am Sonntag, 17.09.2023 fand der K\u00fcstenmarathon in Otterndorf statt.\u00dcber 40 Kinder aus der Grundschule Cadenberge hatten sich \u00fcber mehrere Wochen hinweg durch ein schulinternes Lauftraining intensiv auf diesen Tag vorbereitet. Bei nahezu gutem Wetter begann um 12:25 Uhr der l\u00e4ngste Lauf (2km) f\u00fcr die \u00e4lteren Kinder der Grundschule. Im Anschluss folgten mehrere Laufgruppen \u00fcber je<br \/><a class=\"moretag\" href=\"http:\/\/grundschule-cadenberge.de\/index.php\/2023\/09\/26\/kuestenmarathon-2023\/\">+ Read More<\/a><\/p>\n","protected":false},"author":7,"featured_media":3156,"comment_status":"open","ping_status":"open","sticky":false,"template":"","format":"standard","meta":{"footnotes":""},"categories":[1],"tags":[],"_links":{"self":[{"href":"http:\/\/grundschule-cadenberge.de\/index.php\/wp-json\/wp\/v2\/posts\/3154"}],"collection":[{"href":"http:\/\/grundschule-cadenberge.de\/index.php\/wp-json\/wp\/v2\/posts"}],"about":[{"href":"http:\/\/grundschule-cadenberge.de\/index.php\/wp-json\/wp\/v2\/types\/post"}],"author":[{"embeddable":true,"href":"http:\/\/grundschule-cadenberge.de\/index.php\/wp-json\/wp\/v2\/users\/7"}],"replies":[{"embeddable":true,"href":"http:\/\/grundschule-cadenberge.de\/index.php\/wp-json\/wp\/v2\/comments?post=3154"}],"version-history":[{"count":1,"href":"http:\/\/grundschule-cadenberge.de\/index.php\/wp-json\/wp\/v2\/posts\/3154\/revisions"}],"predecessor-version":[{"id":3157,"href":"http:\/\/grundschule-cadenberge.de\/index.php\/wp-json\/wp\/v2\/posts\/3154\/revisions\/3157"}],"wp:featuredmedia":[{"embeddable":true,"href":"http:\/\/grundschule-cadenberge.de\/index.php\/wp-json\/wp\/v2\/media\/3156"}],"wp:attachment":[{"href":"http:\/\/grundschule-cadenberge.de\/index.php\/wp-json\/wp\/v2\/media?parent=3154"}],"wp:term":[{"taxonomy":"category","embeddable":true,"href":"http:\/\/grundschule-cadenberge.de\/index.php\/wp-json\/wp\/v2\/categories?post=3154"},{"taxonomy":"post_tag","embeddable":true,"href":"http:\/\/grundschule-cadenberge.de\/index.php\/wp-json\/wp\/v2\/tags?post=3154"}],"curies":[{"name":"wp","href":"https:\/\/api.w.org\/{rel}","templated":true}]}}