{"id":3199,"date":"2023-11-23T07:38:55","date_gmt":"2023-11-23T06:38:55","guid":{"rendered":"http:\/\/grundschule-cadenberge.de\/?p=3199"},"modified":"2023-11-23T07:38:55","modified_gmt":"2023-11-23T06:38:55","slug":"ausflug-zur-igelexpertin","status":"publish","type":"post","link":"http:\/\/grundschule-cadenberge.de\/index.php\/2023\/11\/23\/ausflug-zur-igelexpertin\/","title":{"rendered":"Ausflug zur Igelexpertin"},"content":{"rendered":"\n<figure class=\"wp-block-gallery has-nested-images columns-default is-cropped wp-block-gallery-1 is-layout-flex wp-block-gallery-is-layout-flex\">\n<figure class=\"wp-block-image size-large\"><img decoding=\"async\" loading=\"lazy\" width=\"768\" height=\"1024\" data-id=\"3201\" src=\"http:\/\/grundschule-cadenberge.de\/wp-content\/uploads\/20231106_092748-768x1024.jpg\" alt=\"\" class=\"wp-image-3201\" srcset=\"http:\/\/grundschule-cadenberge.de\/wp-content\/uploads\/20231106_092748-768x1024.jpg 768w, http:\/\/grundschule-cadenberge.de\/wp-content\/uploads\/20231106_092748-225x300.jpg 225w, http:\/\/grundschule-cadenberge.de\/wp-content\/uploads\/20231106_092748-1152x1536.jpg 1152w, http:\/\/grundschule-cadenberge.de\/wp-content\/uploads\/20231106_092748-1536x2048.jpg 1536w, http:\/\/grundschule-cadenberge.de\/wp-content\/uploads\/20231106_092748-scaled.jpg 1920w\" sizes=\"(max-width: 768px) 100vw, 768px\" \/><\/figure>\n\n\n\n<figure class=\"wp-block-image size-large\"><img decoding=\"async\" loading=\"lazy\" width=\"768\" height=\"1024\" data-id=\"3203\" src=\"http:\/\/grundschule-cadenberge.de\/wp-content\/uploads\/20231106_092831-1-768x1024.jpg\" alt=\"\" class=\"wp-image-3203\" srcset=\"http:\/\/grundschule-cadenberge.de\/wp-content\/uploads\/20231106_092831-1-768x1024.jpg 768w, http:\/\/grundschule-cadenberge.de\/wp-content\/uploads\/20231106_092831-1-225x300.jpg 225w, http:\/\/grundschule-cadenberge.de\/wp-content\/uploads\/20231106_092831-1-1152x1536.jpg 1152w, http:\/\/grundschule-cadenberge.de\/wp-content\/uploads\/20231106_092831-1-1536x2048.jpg 1536w, http:\/\/grundschule-cadenberge.de\/wp-content\/uploads\/20231106_092831-1-scaled.jpg 1920w\" sizes=\"(max-width: 768px) 100vw, 768px\" \/><\/figure>\n\n\n\n<figure class=\"wp-block-image size-large\"><img decoding=\"async\" loading=\"lazy\" width=\"1024\" height=\"768\" data-id=\"3202\" src=\"http:\/\/grundschule-cadenberge.de\/wp-content\/uploads\/20231106_093141-1024x768.jpg\" alt=\"\" class=\"wp-image-3202\" srcset=\"http:\/\/grundschule-cadenberge.de\/wp-content\/uploads\/20231106_093141-1024x768.jpg 1024w, http:\/\/grundschule-cadenberge.de\/wp-content\/uploads\/20231106_093141-300x225.jpg 300w, http:\/\/grundschule-cadenberge.de\/wp-content\/uploads\/20231106_093141-768x576.jpg 768w, http:\/\/grundschule-cadenberge.de\/wp-content\/uploads\/20231106_093141-1536x1152.jpg 1536w, http:\/\/grundschule-cadenberge.de\/wp-content\/uploads\/20231106_093141-2048x1536.jpg 2048w\" sizes=\"(max-width: 1024px) 100vw, 1024px\" \/><\/figure>\n<\/figure>\n\n\n\n<p>Die beiden ersten Klassen erlebten k\u00fcrzlich einen unvergesslichen Tag bei der Igelexpertin Stefanie R\u00f6se in Osterbruch. Vorab hatten sich die Kinder im Sachunterricht mit dem Thema Igel und Herbst auseinandergesetzt, was den Ausflug besonders bereicherte.<\/p>\n\n\n\n<p>Die freundliche Expertin empfing die neugierige Truppe und vermittelte spannende Informationen \u00fcber das Leben der Igel. H\u00f6hepunkt des Tages war der direkte Kontakt mit den Igeln. Die Kinder durften kleine und gro\u00dfe Igel streicheln und sogar in ihren H\u00e4nden halten. Die anf\u00e4ngliche Scheu wich schnell der Begeisterung, als die Kinder die weichen Stacheln sp\u00fcrten und die neugierigen Tiere erkunden konnten.<\/p>\n\n\n\n<p>Die engagierten Eltern trugen ma\u00dfgeblich dazu bei, dass dieser Ausflug zu einem tollen Erlebnis wurde. Insgesamt f\u00f6rderte der Tag nicht nur die Liebe zur Natur, sondern auch das Verst\u00e4ndnis f\u00fcr die Bed\u00fcrfnisse und Eigenheiten der faszinierenden Tiere.<\/p>\n\n\n\n<p><\/p>\n","protected":false},"excerpt":{"rendered":"<p>Die beiden ersten Klassen erlebten k\u00fcrzlich einen unvergesslichen Tag bei der Igelexpertin Stefanie R\u00f6se in Osterbruch. Vorab hatten sich die Kinder im Sachunterricht mit dem Thema Igel und Herbst auseinandergesetzt, was den Ausflug besonders bereicherte. Die freundliche Expertin empfing die neugierige Truppe und vermittelte spannende Informationen \u00fcber das Leben der Igel. H\u00f6hepunkt des Tages war<br \/><a class=\"moretag\" href=\"http:\/\/grundschule-cadenberge.de\/index.php\/2023\/11\/23\/ausflug-zur-igelexpertin\/\">+ Read More<\/a><\/p>\n","protected":false},"author":7,"featured_media":3203,"comment_status":"open","ping_status":"open","sticky":false,"template":"","format":"standard","meta":{"footnotes":""},"categories":[1],"tags":[],"_links":{"self":[{"href":"http:\/\/grundschule-cadenberge.de\/index.php\/wp-json\/wp\/v2\/posts\/3199"}],"collection":[{"href":"http:\/\/grundschule-cadenberge.de\/index.php\/wp-json\/wp\/v2\/posts"}],"about":[{"href":"http:\/\/grundschule-cadenberge.de\/index.php\/wp-json\/wp\/v2\/types\/post"}],"author":[{"embeddable":true,"href":"http:\/\/grundschule-cadenberge.de\/index.php\/wp-json\/wp\/v2\/users\/7"}],"replies":[{"embeddable":true,"href":"http:\/\/grundschule-cadenberge.de\/index.php\/wp-json\/wp\/v2\/comments?post=3199"}],"version-history":[{"count":1,"href":"http:\/\/grundschule-cadenberge.de\/index.php\/wp-json\/wp\/v2\/posts\/3199\/revisions"}],"predecessor-version":[{"id":3204,"href":"http:\/\/grundschule-cadenberge.de\/index.php\/wp-json\/wp\/v2\/posts\/3199\/revisions\/3204"}],"wp:featuredmedia":[{"embeddable":true,"href":"http:\/\/grundschule-cadenberge.de\/index.php\/wp-json\/wp\/v2\/media\/3203"}],"wp:attachment":[{"href":"http:\/\/grundschule-cadenberge.de\/index.php\/wp-json\/wp\/v2\/media?parent=3199"}],"wp:term":[{"taxonomy":"category","embeddable":true,"href":"http:\/\/grundschule-cadenberge.de\/index.php\/wp-json\/wp\/v2\/categories?post=3199"},{"taxonomy":"post_tag","embeddable":true,"href":"http:\/\/grundschule-cadenberge.de\/index.php\/wp-json\/wp\/v2\/tags?post=3199"}],"curies":[{"name":"wp","href":"https:\/\/api.w.org\/{rel}","templated":true}]}}